{"id":1384,"date":"2025-12-03T09:07:11","date_gmt":"2025-12-03T01:07:11","guid":{"rendered":"https:\/\/chenlongrf.com\/?post_type=news&#038;p=1384"},"modified":"2025-12-09T18:30:42","modified_gmt":"2025-12-09T10:30:42","slug":"custom-cold-rolled-profiles-for-industrial-applications","status":"publish","type":"news","link":"https:\/\/chenlongrf.com\/pt\/news\/custom-cold-rolled-profiles-for-industrial-applications\/","title":{"rendered":"Perfis Personalizados Laminados a Frio para Aplica\u00e7\u00f5es Industriais: Principais Usos e Vantagens"},"content":{"rendered":"<h3>Perfis de A\u00e7o Formados com Precis\u00e3o para Constru\u00e7\u00e3o, Autom\u00f3vel, El\u00e9trico e Mais<\/h3>\n<p>Como fabricante profissional de <strong>equipamentos de formagem a frio e perfis de a\u00e7o personalizados<\/strong>, especializamo-nos na produ\u00e7\u00e3o <strong>de perfis complexos, irregulares e n\u00e3o padronizados<\/strong> adaptados a uma ampla gama de ind\u00fastrias. Se precisar de se\u00e7\u00f5es C\/U\/Z carregadas ou perfis decorativos ou funcionais para arm\u00e1rios, prateleiras, portas ou fachadas de edif\u00edcios \u2014 oferecemos personaliza\u00e7\u00e3o completa para atender \u00e0s suas especifica\u00e7\u00f5es exatas<\/p>\n<p><img loading=\"lazy\" decoding=\"async\" class=\"wp-image-1328 size-full\" src=\"https:\/\/chenlongrf.com\/wp-content\/uploads\/2025\/12\/Profiles.webp\" alt=\"Perfis\" width=\"810\" height=\"400\" srcset=\"https:\/\/chenlongrf.com\/wp-content\/uploads\/2025\/12\/Profiles.webp 810w, https:\/\/chenlongrf.com\/wp-content\/uploads\/2025\/12\/Profiles-300x148.webp 300w, https:\/\/chenlongrf.com\/wp-content\/uploads\/2025\/12\/Profiles-768x379.webp 768w\" sizes=\"auto, (max-width: 810px) 100vw, 810px\" \/><\/p>\n<h2>O Que S\u00e3o Perfis de Formagem a Frio?<\/h2>\n<p>Os perfis laminados a frio s\u00e3o chapas de a\u00e7o, alum\u00ednio ou ligas processadas em formas espec\u00edficas usando um processo de formagem a frio. Estes perfis podem incluir:<\/p>\n<ul>\n<li><strong>Se\u00e7\u00f5es C \/ Se\u00e7\u00f5es U \/ Se\u00e7\u00f5es Z<\/strong><\/li>\n<li><strong>Chapas corrugadas<\/strong><\/li>\n<li><strong>Tubos el\u00edpticos, hexagonais ou poligonais<\/strong><\/li>\n<li><strong>Canais de trilho personalizados, molduras de janelas, trilhos guia ou suportes<\/strong><\/li>\n<li><strong>Perfis decorativos e arquitet\u00f4nicos<\/strong><\/li>\n<\/ul>\n<p>Fabricamos perfis com diferentes espessuras, comprimentos e acabamentos de superf\u00edcie (por exemplo, polido, galvanizado, pintado) de acordo com seu design e requisitos de aplica\u00e7\u00e3o<\/p>\n<h2>Nossa For\u00e7a: Desde a Bobina Crua at\u00e9 o Perfil Acabado<\/h2>\n<p><img loading=\"lazy\" decoding=\"async\" class=\"wp-image-1308 size-full\" src=\"https:\/\/chenlongrf.com\/wp-content\/uploads\/2025\/11\/Leveler2.webp\" alt=\"Leveler\" width=\"710\" height=\"520\" srcset=\"https:\/\/chenlongrf.com\/wp-content\/uploads\/2025\/11\/Leveler2.webp 710w, https:\/\/chenlongrf.com\/wp-content\/uploads\/2025\/11\/Leveler2-300x220.webp 300w\" sizes=\"auto, (max-width: 710px) 100vw, 710px\" \/><\/p>\n<p>Controlamos todo o processo:<\/p>\n<ol>\n<li><strong>Design Personalizado &amp; Simula\u00e7\u00e3o<\/strong><br \/>\n\u2192 Simulamos o processo de formagem a frio e projetamos ferramentas para evitar rachaduras ou distor\u00e7\u00f5es.<\/li>\n<li><strong>Produ\u00e7\u00e3o de Precis\u00e3o<\/strong><br \/>\n\u2192 Desbobinagem \u2192 Nivelamento \u2192 Perfuramento \u2192 Formagem a Frio \u2192 Corte \u2192 Acabamento de Superf\u00edcie<\/li>\n<li><strong>Inspe\u00e7\u00e3o de Qualidade Rigorosa<\/strong><br \/>\n\u2192 Testes mec\u00e2nicos, verifica\u00e7\u00f5es dimensionais, remo\u00e7\u00e3o de rebarbas, embalagem protetora<\/li>\n<li><strong>Suporte Log\u00edstico Global<\/strong><br \/>\n\u2192 Embalagem modular, paletiza\u00e7\u00e3o \u00e0 prova de choque, envio pronto para exporta\u00e7\u00e3o<\/li>\n<\/ol>\n<p>Tamb\u00e9m constru\u00edmos os <strong>equipamentos usados para formar esses perfis,<\/strong> permitindo sinergia completa entre a m\u00e1quina e o produto acabado<\/p>\n<h2>Cen\u00e1rios de Aplica\u00e7\u00e3o em Diversas Ind\u00fastrias<\/h2>\n<p>Nossos perfis personalizados s\u00e3o amplamente utilizados em:<\/p>\n<p><strong>\ud83c\udfd7\ufe0f Constru\u00e7\u00e3o:<\/strong> Vigotas de estrutura de a\u00e7o, lajes de parede\/sobre o piso, quilhas leves, sistemas de cobertura e calhas<\/p>\n<p><strong>\ud83d\ude97 Autom\u00f3vel:<\/strong> Molduras de portas\/janelas, trilhos de assentos, canais guia, suportes para chassis e pacotes de baterias<\/p>\n<p><strong>\u26a1 El\u00e9trico:<\/strong> Suportes para bandejas de cabos, carca\u00e7as de caixas de jun\u00e7\u00e3o, revestimentos el\u00e9tricos e perfis de montagem<\/p>\n<p><strong>\ud83e\uddf1 Armazenagem &amp; Varejo:<\/strong> Colunas de prateleira, sistemas de prateleiras ajust\u00e1veis e perfis de estrutura<\/p>\n<p><strong>\u2600\ufe0f Nova Energia:<\/strong> Suportes para pain\u00e9is solares, molduras de arm\u00e1rios el\u00e9tricos, suportes para ve\u00edculos<\/p>\n<p><img loading=\"lazy\" decoding=\"async\" class=\"alignnone wp-image-1294 size-full\" src=\"https:\/\/chenlongrf.com\/wp-content\/uploads\/2025\/11\/Straightener-1.webp\" alt=\"Endireitador\" width=\"710\" height=\"520\" srcset=\"https:\/\/chenlongrf.com\/wp-content\/uploads\/2025\/11\/Straightener-1.webp 710w, https:\/\/chenlongrf.com\/wp-content\/uploads\/2025\/11\/Straightener-1-300x220.webp 300w\" sizes=\"auto, (max-width: 710px) 100vw, 710px\" \/><\/p>\n<p>Se voc\u00ea tiver um design \u00fanico ou requisito espec\u00edfico da ind\u00fastria, apoiamos a <strong>customiza\u00e7\u00e3o completa de OEM\/ODM.<\/strong><\/p>\n<h2>Por que Escolher-nos<\/h2>\n<p><strong>Fabricante Direto:<\/strong> Produzimos tanto m\u00e1quinas quanto perfis \u2014 sem intermedi\u00e1rios<\/p>\n<p><strong>Engenheiros Experientes:<\/strong> Apoiamos desenhos, P&amp;D e design de moldes<\/p>\n<p><strong>Personaliza\u00e7\u00e3o Total:<\/strong> Qualquer forma, tamanho, espessura, acabamento ou padr\u00e3o de furos<\/p>\n<p><strong>Clientes Globais:<\/strong> Atendendo projetos em mais de 50 pa\u00edses<\/p>\n<p><strong>Servi\u00e7o Completo:<\/strong> Desde o design at\u00e9 a log\u00edstica<\/p>\n<h3>Envie-nos seu desenho ou especifica\u00e7\u00f5es \u2014 entraremos em contato com uma solu\u00e7\u00e3o personalizada e cota\u00e7\u00e3o em at\u00e9 24 horas.<\/h3>","protected":false},"excerpt":{"rendered":"<p>Como fabricante profissional de equipamentos de formagem a frio e perfis de a\u00e7o personalizados, especializamo-nos na produ\u00e7\u00e3o de perfis complexos, irregulares e n\u00e3o padronizados adaptados a uma ampla gama de ind\u00fastrias. Se precisar de se\u00e7\u00f5es C\/U\/Z carregadas ou perfis decorativos ou funcionais para arm\u00e1rios, prateleiras, portas ou fachadas de edif\u00edcios \u2014 oferecemos personaliza\u00e7\u00e3o completa para atender \u00e0s suas especifica\u00e7\u00f5es exatas<\/p>","protected":false},"featured_media":1315,"comment_status":"closed","ping_status":"closed","template":"","class_list":["post-1384","news","type-news","status-publish","has-post-thumbnail","hentry"],"acf":[],"_links":{"self":[{"href":"https:\/\/chenlongrf.com\/pt\/wp-json\/wp\/v2\/news\/1384","targetHints":{"allow":["GET"]}}],"collection":[{"href":"https:\/\/chenlongrf.com\/pt\/wp-json\/wp\/v2\/news"}],"about":[{"href":"https:\/\/chenlongrf.com\/pt\/wp-json\/wp\/v2\/types\/news"}],"replies":[{"embeddable":true,"href":"https:\/\/chenlongrf.com\/pt\/wp-json\/wp\/v2\/comments?post=1384"}],"wp:featuredmedia":[{"embeddable":true,"href":"https:\/\/chenlongrf.com\/pt\/wp-json\/wp\/v2\/media\/1315"}],"wp:attachment":[{"href":"https:\/\/chenlongrf.com\/pt\/wp-json\/wp\/v2\/media?parent=1384"}],"curies":[{"name":"wp","href":"https:\/\/api.w.org\/{rel}","templated":true}]}}